{"id":5624,"date":"2023-05-16T15:53:15","date_gmt":"2023-05-16T14:53:15","guid":{"rendered":"https:\/\/pinturayartistas.com\/ilustracionesgratis\/?p=5624"},"modified":"2023-05-16T15:53:15","modified_gmt":"2023-05-16T14:53:15","slug":"12-de-diciembre-de-2012-alineacion-de-la-tierra-2","status":"publish","type":"post","link":"https:\/\/pinturayartistas.com\/ilustracionesgratis\/es\/12-de-diciembre-de-2012-alineacion-de-la-tierra-2\/","title":{"rendered":"12 de Diciembre de 2012 &#8211; Alineaci\u00f3n de la tierra"},"content":{"rendered":"\n<h2 class=\"wp-block-heading\">Descargar la ilustraci\u00f3n para dise\u00f1o gr\u00e1fico en formato SVG. Ilustraciones libres de derechos de autor. Creaciones de Cristina Alejos<\/h2>\n\n\n\n<div class=\"spain\">\n<h4>12 de Diciembre de 2012 &#8211; Alineaci\u00f3n de la tierra<\/h4>\n<p>Ilustraci\u00f3n para mostrar la teor\u00eda sobre la alineaci\u00f3n de la tierra con el centro del Universo. Esta creencia se basa en las leyendas aztecas, que consideran el 12 de diciembre de 2012 como el inicio de una nueva era. El sol quedar\u00e1 alineado con una fuente de energ\u00eda mayor que producir\u00e1 cambios en la vida.<\/p>\n<p>Una ilustraci\u00f3n de colores azules y violetas suaves, con el dibujo del sol, la estrella que simboliza el centro del universo y la tierra relacionada con nuestro sol y galaxia.<\/p>\n<\/div>\n\n\n\n<div class=\"foto\">\n<figure><a title=\"Ilustraci\u00f3n gratis - Alineaci\u00f3n de la tierra\" href=\"https:\/\/pinturayartistas.com\/ilustracionesgratis\/wp-content\/uploads\/2012\/naturaleza\/universo\/21-12-2012-universo.jpg\" target=\"_Blank\" rel=\"noopener\"><img title=\"Ilustraci\u00f3n gratis - Alineaci\u00f3n de la tierra\" src=\"https:\/\/pinturayartistas.com\/ilustracionesgratis\/wp-content\/uploads\/2012\/naturaleza\/universo\/21-12-2012-universo.jpg\" alt=\"Ilustraci\u00f3n gratis - Alineaci\u00f3n de la tierra\"><\/a><\/figure><p><\/p>\n<\/div>\n\n\n\n<div class=\"descargar\">\n<h3><a download=\"  \" class=\"imagen\" title=\"Descargar la imagen SVG\" href=\"https:\/\/pinturayartistas.com\/ilustracionesgratis\/wp-content\/uploads\/2012\/naturaleza\/universo\/21-12-2012-universo.svg\" target=\"_Blank\" rel=\"noopener\">Descargar imagen SVG<\/a><\/h3>\n<\/div>\n\n\n\n<div class=\"english notranslate\">\n<p><strong>English info &#8211; Free illustrations<\/strong><\/p>\n<h4>December 12, 2012 &#8211; Alignment of the earth<\/h4>\n<p>Illustration to show the theory on land alignment with the center of the universe. This belief is based on Aztec legends, they consider the 12 December 2012 as the beginning of a new era. The sun will be aligned with a major energy source to produce changes in life.<\/p>\n<p>An illustration with blue and violet colors, with a picture of the sun, the star that symbolizes the center of the universe and the earth related to our sun and galaxy.<\/p>\n<\/div>\n\n\n\n<div class=\"french notranslate\">\n<p><strong>Fran\u00e7ais info &#8211; Illustration gratuite<\/strong><\/p>\n<h4>12 d\u00e9cembre 2012 &#8211; L&#8217;alignement de la terre<\/h4>\n<p>Illustration pour montrer la th\u00e9orie sur l&#8217;alignement des terres avec le centre de l&#8217;univers. Cette croyance est bas\u00e9e sur des l\u00e9gendes azt\u00e8ques, ils consid\u00e8rent le 12 D\u00e9cembre 2012 comme le d\u00e9but d&#8217;une nouvelle \u00e8re. Le soleil sera align\u00e9 avec une importante source d&#8217;\u00e9nergie pour produire des changements dans la vie.<\/p>\n<p>Une illustration avec des bleus et violets, avec une image du soleil, l&#8217;\u00e9toile qui symbolise le centre de l&#8217;univers et la terre li\u00e9 \u00e0 notre soleil et la galaxie.<\/p>\n<\/div>\n","protected":false},"excerpt":{"rendered":"<p>Descargar la ilustraci\u00f3n para dise\u00f1o gr\u00e1fico en formato SVG. Ilustraciones libres de derechos de autor. Creaciones de Cristina Alejos 12 de Diciembre de 2012 &#8211; Alineaci\u00f3n de la tierra Ilustraci\u00f3n para mostrar la teor\u00eda sobre la alineaci\u00f3n de la tierra con el centro del Universo. Esta creencia se basa en las leyendas aztecas, que consideran [&hellip;]<\/p>\n","protected":false},"author":575,"featured_media":2515,"comment_status":"closed","ping_status":"closed","sticky":false,"template":"","format":"standard","meta":[],"categories":[4504,4508],"tags":[],"yoast_head":"<!-- This site is optimized with the Yoast SEO plugin v16.0 - https:\/\/yoast.com\/wordpress\/plugins\/seo\/ -->\n<title>12 de Diciembre de 2012 - Alineaci\u00f3n de la tierra - Cristina<\/title>\n<meta name=\"description\" content=\"Descargar la ilustraci\u00f3n para dise\u00f1o gr\u00e1fico en formato JPG. Ilustraciones libres de derechos de autor. Creaciones de Cristina Alejos\" \/>\n<link rel=\"canonical\" href=\"https:\/\/pinturayartistas.com\/ilustracionesgratis\/es\/12-de-diciembre-de-2012-alineacion-de-la-tierra-2\/\" \/>\n<meta property=\"og:locale\" content=\"en_US\" \/>\n<meta property=\"og:type\" content=\"article\" \/>\n<meta property=\"og:title\" content=\"12 de Diciembre de 2012 - Alineaci\u00f3n de la tierra - Cristina\" \/>\n<meta property=\"og:description\" content=\"Descargar la ilustraci\u00f3n para dise\u00f1o gr\u00e1fico en formato JPG. Ilustraciones libres de derechos de autor. Creaciones de Cristina Alejos\" \/>\n<meta property=\"og:url\" content=\"https:\/\/pinturayartistas.com\/ilustracionesgratis\/es\/12-de-diciembre-de-2012-alineacion-de-la-tierra-2\/\" \/>\n<meta property=\"og:site_name\" content=\"Cristina\" \/>\n<meta property=\"article:published_time\" content=\"2023-05-16T14:53:15+00:00\" \/>\n<meta property=\"og:image\" content=\"https:\/\/pinturayartistas.com\/ilustracionesgratis\/wp-content\/uploads\/2012\/12\/21-12-2012-universo100.jpg\" \/>\n\t<meta property=\"og:image:width\" content=\"200\" \/>\n\t<meta property=\"og:image:height\" content=\"200\" \/>\n<meta name=\"twitter:card\" content=\"summary_large_image\" \/>\n<script type=\"application\/ld+json\" class=\"yoast-schema-graph\">{\"@context\":\"https:\/\/schema.org\",\"@graph\":[{\"@type\":\"WebSite\",\"@id\":\"https:\/\/pinturayartistas.com\/ilustracionesgratis\/#website\",\"url\":\"https:\/\/pinturayartistas.com\/ilustracionesgratis\/\",\"name\":\"Cristina\",\"description\":\"Illustrations\",\"potentialAction\":[{\"@type\":\"SearchAction\",\"target\":\"https:\/\/pinturayartistas.com\/ilustracionesgratis\/?s={search_term_string}\",\"query-input\":\"required name=search_term_string\"}],\"inLanguage\":\"en-US\"},{\"@type\":\"ImageObject\",\"@id\":\"https:\/\/pinturayartistas.com\/ilustracionesgratis\/es\/12-de-diciembre-de-2012-alineacion-de-la-tierra-2\/#primaryimage\",\"inLanguage\":\"en-US\",\"url\":\"https:\/\/pinturayartistas.com\/ilustracionesgratis\/wp-content\/uploads\/2012\/12\/21-12-2012-universo100.jpg\",\"width\":200,\"height\":200},{\"@type\":\"WebPage\",\"@id\":\"https:\/\/pinturayartistas.com\/ilustracionesgratis\/es\/12-de-diciembre-de-2012-alineacion-de-la-tierra-2\/#webpage\",\"url\":\"https:\/\/pinturayartistas.com\/ilustracionesgratis\/es\/12-de-diciembre-de-2012-alineacion-de-la-tierra-2\/\",\"name\":\"12 de Diciembre de 2012 - Alineaci\\u00f3n de la tierra - Cristina\",\"isPartOf\":{\"@id\":\"https:\/\/pinturayartistas.com\/ilustracionesgratis\/#website\"},\"primaryImageOfPage\":{\"@id\":\"https:\/\/pinturayartistas.com\/ilustracionesgratis\/es\/12-de-diciembre-de-2012-alineacion-de-la-tierra-2\/#primaryimage\"},\"datePublished\":\"2023-05-16T14:53:15+00:00\",\"dateModified\":\"2023-05-16T14:53:15+00:00\",\"author\":{\"@id\":\"https:\/\/pinturayartistas.com\/ilustracionesgratis\/#\/schema\/person\/17d2e38c6141466cf2ee02de938fdc59\"},\"description\":\"Descargar la ilustraci\\u00f3n para dise\\u00f1o gr\\u00e1fico en formato JPG. Ilustraciones libres de derechos de autor. Creaciones de Cristina Alejos\",\"breadcrumb\":{\"@id\":\"https:\/\/pinturayartistas.com\/ilustracionesgratis\/es\/12-de-diciembre-de-2012-alineacion-de-la-tierra-2\/#breadcrumb\"},\"inLanguage\":\"en-US\",\"potentialAction\":[{\"@type\":\"ReadAction\",\"target\":[\"https:\/\/pinturayartistas.com\/ilustracionesgratis\/es\/12-de-diciembre-de-2012-alineacion-de-la-tierra-2\/\"]}]},{\"@type\":\"BreadcrumbList\",\"@id\":\"https:\/\/pinturayartistas.com\/ilustracionesgratis\/es\/12-de-diciembre-de-2012-alineacion-de-la-tierra-2\/#breadcrumb\",\"itemListElement\":[{\"@type\":\"ListItem\",\"position\":1,\"item\":{\"@type\":\"WebPage\",\"@id\":\"https:\/\/pinturayartistas.com\/ilustracionesgratis\/\",\"url\":\"https:\/\/pinturayartistas.com\/ilustracionesgratis\/\",\"name\":\"Home\"}},{\"@type\":\"ListItem\",\"position\":2,\"item\":{\"@type\":\"WebPage\",\"@id\":\"https:\/\/pinturayartistas.com\/ilustracionesgratis\/es\/12-de-diciembre-de-2012-alineacion-de-la-tierra-2\/\",\"url\":\"https:\/\/pinturayartistas.com\/ilustracionesgratis\/es\/12-de-diciembre-de-2012-alineacion-de-la-tierra-2\/\",\"name\":\"12 de Diciembre de 2012 &#8211; Alineaci\\u00f3n de la tierra\"}}]},{\"@type\":\"Person\",\"@id\":\"https:\/\/pinturayartistas.com\/ilustracionesgratis\/#\/schema\/person\/17d2e38c6141466cf2ee02de938fdc59\",\"name\":\"Cristina Alejos\"}]}<\/script>\n<!-- \/ Yoast SEO plugin. -->","_links":{"self":[{"href":"https:\/\/pinturayartistas.com\/ilustracionesgratis\/wp-json\/wp\/v2\/posts\/5624"}],"collection":[{"href":"https:\/\/pinturayartistas.com\/ilustracionesgratis\/wp-json\/wp\/v2\/posts"}],"about":[{"href":"https:\/\/pinturayartistas.com\/ilustracionesgratis\/wp-json\/wp\/v2\/types\/post"}],"author":[{"embeddable":true,"href":"https:\/\/pinturayartistas.com\/ilustracionesgratis\/wp-json\/wp\/v2\/users\/575"}],"replies":[{"embeddable":true,"href":"https:\/\/pinturayartistas.com\/ilustracionesgratis\/wp-json\/wp\/v2\/comments?post=5624"}],"version-history":[{"count":1,"href":"https:\/\/pinturayartistas.com\/ilustracionesgratis\/wp-json\/wp\/v2\/posts\/5624\/revisions"}],"predecessor-version":[{"id":5625,"href":"https:\/\/pinturayartistas.com\/ilustracionesgratis\/wp-json\/wp\/v2\/posts\/5624\/revisions\/5625"}],"wp:featuredmedia":[{"embeddable":true,"href":"https:\/\/pinturayartistas.com\/ilustracionesgratis\/wp-json\/wp\/v2\/media\/2515"}],"wp:attachment":[{"href":"https:\/\/pinturayartistas.com\/ilustracionesgratis\/wp-json\/wp\/v2\/media?parent=5624"}],"wp:term":[{"taxonomy":"category","embeddable":true,"href":"https:\/\/pinturayartistas.com\/ilustracionesgratis\/wp-json\/wp\/v2\/categories?post=5624"},{"taxonomy":"post_tag","embeddable":true,"href":"https:\/\/pinturayartistas.com\/ilustracionesgratis\/wp-json\/wp\/v2\/tags?post=5624"}],"curies":[{"name":"wp","href":"https:\/\/api.w.org\/{rel}","templated":true}]}}