{"id":5546,"date":"2023-05-16T15:44:28","date_gmt":"2023-05-16T14:44:28","guid":{"rendered":"https:\/\/pinturayartistas.com\/ilustracionesgratis\/?p=5546"},"modified":"2023-05-16T15:44:29","modified_gmt":"2023-05-16T14:44:29","slug":"cabeza-de-un-caballo-negro-2","status":"publish","type":"post","link":"https:\/\/pinturayartistas.com\/ilustracionesgratis\/es\/cabeza-de-un-caballo-negro-2\/","title":{"rendered":"Cabeza de un caballo negro"},"content":{"rendered":"\n<h2 class=\"wp-block-heading\">Ilustraci\u00f3n vectorial de la cabeza de un caballo de perfil<\/h2>\n\n\n<div class=\"spain\">\n<p>Gran cabeza de un caballo con larga melena de cabellos. Vista de perfil de su silueta negra con un gran ojo y brillos en el pelo.<\/p>\n<\/div>\n<div class=\"foto\"><a title=\"Ilustraci\u00f3n gratis - Cabeza de un caballo negro de perfil\" href=\"https:\/\/pinturayartistas.com\/ilustracionesgratis\/wp-content\/uploads\/2011\/animales\/mamiferos\/caballos\/caballo-perfil-cabezaGIF.gif\" target=\"_Blank\" rel=\"noopener\"><img title=\"Ilustraci\u00f3n gratis - Cabeza de un caballo negro de perfil\" src=\"https:\/\/pinturayartistas.com\/ilustracionesgratis\/wp-content\/uploads\/2011\/animales\/mamiferos\/caballos\/caballo-perfil-cabezaGIF.gif\" alt=\"Ilustraci\u00f3n gratis - Cabeza de un caballo negro de perfil\"><\/a><\/div>\n<div class=\"descargar\">\n<h3><a download=\"  \" class=\"imagen\" title=\"Descargar la imagen vectorial SVG\" href=\"https:\/\/pinturayartistas.com\/ilustracionesgratis\/wp-content\/uploads\/2011\/animales\/mamiferos\/caballos\/caballo-perfil-cabeza.svg\" target=\"_Blank\" rel=\"noopener\">Descargar imagen SVG (Vectorial)<\/a><\/h3>\n<\/div>\n<div class=\"english\">\n<p><strong>English info<\/strong><\/p>\n<h4>Profile head of a black horse<\/h4>\n<p>Great head of a horse with long mane of hair. Seen from the side of his black silhouette with a great eye and shiny hair.<\/p>\n<\/div>\n<div class=\"french\">\n<p><strong>Fran\u00e7ais info<\/strong><\/p>\n<h4>La t\u00eate de profil d&#8217;un cheval noir<\/h4>\n<p>Grande t\u00eate d&#8217;un cheval \u00e0 la crini\u00e8re longue chevelure. Vu du c\u00f4t\u00e9 de sa silhouette noire avec un grand \u0153il et les cheveux brillants.<\/p>\n<\/div>\n<h4>Dibujo con l\u00edneas negras y fondo blanco de la cabeza del caballo<\/h4>\n<div class=\"foto\"><a title=\"Ilustraci\u00f3n gratis - Dibujo de la cabeza de un caballo en blanco\" href=\"https:\/\/pinturayartistas.com\/ilustracionesgratis\/wp-content\/uploads\/2011\/animales\/mamiferos\/caballos\/caballo-perfil-cabeza-blancoGIF.gif\" target=\"_Blank\" rel=\"noopener\"><img title=\"Ilustraci\u00f3n gratis -Dibujo de la cabeza de un caballo en blanco\" src=\"https:\/\/pinturayartistas.com\/ilustracionesgratis\/wp-content\/uploads\/2011\/animales\/mamiferos\/caballos\/caballo-perfil-cabeza-blancoGIF.gif\" alt=\"Ilustraci\u00f3n gratis - Dibujo de la cabeza de un caballo en blanco\"><\/a><\/div>\n<h4>Fotograf\u00eda gratis de la cabeza de caballo de una escultura<\/h4>\n<div class=\"foto\"><a title=\"Foto gratis - Escultura de la cabeza de un caballo\" href=\"https:\/\/pinturayartistas.com\/ilustracionesgratis\/wp-content\/uploads\/2011\/animales\/mamiferos\/caballos\/cabeza-caballo.jpg\" target=\"_Blank\" rel=\"noopener\"><img title=\"IFoto gratis - Escultura de la cabeza de un caballo\" src=\"https:\/\/pinturayartistas.com\/ilustracionesgratis\/wp-content\/uploads\/2011\/animales\/mamiferos\/caballos\/cabeza-caballo.jpg\" alt=\"Foto gratis - Escultura de la cabeza de un caballo\"><\/a><\/div>","protected":false},"excerpt":{"rendered":"<p>Ilustraci\u00f3n vectorial de la cabeza de un caballo de perfil Gran cabeza de un caballo con larga melena de cabellos. Vista de perfil de su silueta negra con un gran ojo y brillos en el pelo. Descargar imagen SVG (Vectorial) English info Profile head of a black horse Great head of a horse with long [&hellip;]<\/p>\n","protected":false},"author":575,"featured_media":3541,"comment_status":"closed","ping_status":"closed","sticky":false,"template":"","format":"standard","meta":[],"categories":[4414,4436,4448],"tags":[],"yoast_head":"<!-- This site is optimized with the Yoast SEO plugin v16.0 - https:\/\/yoast.com\/wordpress\/plugins\/seo\/ -->\n<title>Cabeza de un caballo negro - Cristina Ilustraciones y dise\u00f1o gr\u00e1fico gratis<\/title>\n<meta name=\"description\" content=\"Ilustraci\u00f3n vectorial de la cabeza de un caballo de perfil. Ilustraciones libres de derechos de autor. Creaciones de Cristina Alejos\" \/>\n<link rel=\"canonical\" href=\"https:\/\/pinturayartistas.com\/ilustracionesgratis\/es\/cabeza-de-un-caballo-negro-2\/\" \/>\n<meta property=\"og:locale\" content=\"en_US\" \/>\n<meta property=\"og:type\" content=\"article\" \/>\n<meta property=\"og:title\" content=\"Cabeza de un caballo negro - Cristina Ilustraciones y dise\u00f1o gr\u00e1fico gratis\" \/>\n<meta property=\"og:description\" content=\"Ilustraci\u00f3n vectorial de la cabeza de un caballo de perfil. Ilustraciones libres de derechos de autor. Creaciones de Cristina Alejos\" \/>\n<meta property=\"og:url\" content=\"https:\/\/pinturayartistas.com\/ilustracionesgratis\/es\/cabeza-de-un-caballo-negro-2\/\" \/>\n<meta property=\"og:site_name\" content=\"Cristina\" \/>\n<meta property=\"article:published_time\" content=\"2023-05-16T14:44:28+00:00\" \/>\n<meta property=\"article:modified_time\" content=\"2023-05-16T14:44:29+00:00\" \/>\n<meta property=\"og:image\" content=\"https:\/\/pinturayartistas.com\/ilustracionesgratis\/wp-content\/uploads\/2012\/06\/caballo-perfil-cabezaGIF200.gif\" \/>\n\t<meta property=\"og:image:width\" content=\"200\" \/>\n\t<meta property=\"og:image:height\" content=\"200\" \/>\n<meta name=\"twitter:card\" content=\"summary_large_image\" \/>\n<script type=\"application\/ld+json\" class=\"yoast-schema-graph\">{\"@context\":\"https:\/\/schema.org\",\"@graph\":[{\"@type\":\"WebSite\",\"@id\":\"https:\/\/pinturayartistas.com\/ilustracionesgratis\/#website\",\"url\":\"https:\/\/pinturayartistas.com\/ilustracionesgratis\/\",\"name\":\"Cristina\",\"description\":\"Illustrations\",\"potentialAction\":[{\"@type\":\"SearchAction\",\"target\":\"https:\/\/pinturayartistas.com\/ilustracionesgratis\/?s={search_term_string}\",\"query-input\":\"required name=search_term_string\"}],\"inLanguage\":\"en-US\"},{\"@type\":\"ImageObject\",\"@id\":\"https:\/\/pinturayartistas.com\/ilustracionesgratis\/es\/cabeza-de-un-caballo-negro-2\/#primaryimage\",\"inLanguage\":\"en-US\",\"url\":\"https:\/\/pinturayartistas.com\/ilustracionesgratis\/wp-content\/uploads\/2012\/06\/caballo-perfil-cabezaGIF200.gif\",\"width\":200,\"height\":200},{\"@type\":\"WebPage\",\"@id\":\"https:\/\/pinturayartistas.com\/ilustracionesgratis\/es\/cabeza-de-un-caballo-negro-2\/#webpage\",\"url\":\"https:\/\/pinturayartistas.com\/ilustracionesgratis\/es\/cabeza-de-un-caballo-negro-2\/\",\"name\":\"Cabeza de un caballo negro - Cristina Ilustraciones y dise\\u00f1o gr\\u00e1fico gratis\",\"isPartOf\":{\"@id\":\"https:\/\/pinturayartistas.com\/ilustracionesgratis\/#website\"},\"primaryImageOfPage\":{\"@id\":\"https:\/\/pinturayartistas.com\/ilustracionesgratis\/es\/cabeza-de-un-caballo-negro-2\/#primaryimage\"},\"datePublished\":\"2023-05-16T14:44:28+00:00\",\"dateModified\":\"2023-05-16T14:44:29+00:00\",\"author\":{\"@id\":\"https:\/\/pinturayartistas.com\/ilustracionesgratis\/#\/schema\/person\/17d2e38c6141466cf2ee02de938fdc59\"},\"description\":\"Ilustraci\\u00f3n vectorial de la cabeza de un caballo de perfil. Ilustraciones libres de derechos de autor. Creaciones de Cristina Alejos\",\"breadcrumb\":{\"@id\":\"https:\/\/pinturayartistas.com\/ilustracionesgratis\/es\/cabeza-de-un-caballo-negro-2\/#breadcrumb\"},\"inLanguage\":\"en-US\",\"potentialAction\":[{\"@type\":\"ReadAction\",\"target\":[\"https:\/\/pinturayartistas.com\/ilustracionesgratis\/es\/cabeza-de-un-caballo-negro-2\/\"]}]},{\"@type\":\"BreadcrumbList\",\"@id\":\"https:\/\/pinturayartistas.com\/ilustracionesgratis\/es\/cabeza-de-un-caballo-negro-2\/#breadcrumb\",\"itemListElement\":[{\"@type\":\"ListItem\",\"position\":1,\"item\":{\"@type\":\"WebPage\",\"@id\":\"https:\/\/pinturayartistas.com\/ilustracionesgratis\/\",\"url\":\"https:\/\/pinturayartistas.com\/ilustracionesgratis\/\",\"name\":\"Home\"}},{\"@type\":\"ListItem\",\"position\":2,\"item\":{\"@type\":\"WebPage\",\"@id\":\"https:\/\/pinturayartistas.com\/ilustracionesgratis\/es\/cabeza-de-un-caballo-negro-2\/\",\"url\":\"https:\/\/pinturayartistas.com\/ilustracionesgratis\/es\/cabeza-de-un-caballo-negro-2\/\",\"name\":\"Cabeza de un caballo negro\"}}]},{\"@type\":\"Person\",\"@id\":\"https:\/\/pinturayartistas.com\/ilustracionesgratis\/#\/schema\/person\/17d2e38c6141466cf2ee02de938fdc59\",\"name\":\"Cristina Alejos\"}]}<\/script>\n<!-- \/ Yoast SEO plugin. -->","_links":{"self":[{"href":"https:\/\/pinturayartistas.com\/ilustracionesgratis\/wp-json\/wp\/v2\/posts\/5546"}],"collection":[{"href":"https:\/\/pinturayartistas.com\/ilustracionesgratis\/wp-json\/wp\/v2\/posts"}],"about":[{"href":"https:\/\/pinturayartistas.com\/ilustracionesgratis\/wp-json\/wp\/v2\/types\/post"}],"author":[{"embeddable":true,"href":"https:\/\/pinturayartistas.com\/ilustracionesgratis\/wp-json\/wp\/v2\/users\/575"}],"replies":[{"embeddable":true,"href":"https:\/\/pinturayartistas.com\/ilustracionesgratis\/wp-json\/wp\/v2\/comments?post=5546"}],"version-history":[{"count":1,"href":"https:\/\/pinturayartistas.com\/ilustracionesgratis\/wp-json\/wp\/v2\/posts\/5546\/revisions"}],"predecessor-version":[{"id":5547,"href":"https:\/\/pinturayartistas.com\/ilustracionesgratis\/wp-json\/wp\/v2\/posts\/5546\/revisions\/5547"}],"wp:featuredmedia":[{"embeddable":true,"href":"https:\/\/pinturayartistas.com\/ilustracionesgratis\/wp-json\/wp\/v2\/media\/3541"}],"wp:attachment":[{"href":"https:\/\/pinturayartistas.com\/ilustracionesgratis\/wp-json\/wp\/v2\/media?parent=5546"}],"wp:term":[{"taxonomy":"category","embeddable":true,"href":"https:\/\/pinturayartistas.com\/ilustracionesgratis\/wp-json\/wp\/v2\/categories?post=5546"},{"taxonomy":"post_tag","embeddable":true,"href":"https:\/\/pinturayartistas.com\/ilustracionesgratis\/wp-json\/wp\/v2\/tags?post=5546"}],"curies":[{"name":"wp","href":"https:\/\/api.w.org\/{rel}","templated":true}]}}