{"id":1831,"date":"2014-06-21T20:00:18","date_gmt":"2014-06-21T19:00:18","guid":{"rendered":"https:\/\/pinturayartistas.com\/ilustracionesgratis\/?p=1831"},"modified":"2021-04-06T12:07:44","modified_gmt":"2021-04-06T10:07:44","slug":"ilustraciones-libres-con-la-torre-eiffel","status":"publish","type":"post","link":"https:\/\/pinturayartistas.com\/ilustracionesgratis\/ilustraciones-libres-con-la-torre-eiffel\/","title":{"rendered":"La Torre Eiffel &#8211; dibujo vectorial"},"content":{"rendered":"\n<h2>Ilustraciones gratis con la torre Eiffel de Par\u00eds<\/h2>\n\n\n<div class=\"spain\">\n<p>Dibujos e ilustraciones digitales con la torre Eiffel en una vista muy contrapicado. Las duras estructuras met\u00e1licas destacan con su dese\u00f1o industrial lleno de l\u00edneas. Fotograf\u00edas originales tambi\u00e9n libres. Descarga el archivo de imagen en formato GIF.<\/p>\n<\/div>\n<div class=\"foto\">\n<h4>La torre Eiffel de Par\u00eds<\/h4>\n<p><a title=\"Ilustraci\u00f3n gratis - La torre Eiffel de Par\u00eds\" href=\"https:\/\/pinturayartistas.com\/ilustracionesgratis\/wp-content\/uploads\/2014\/06\/torre-eiffel\/dibujo_torre-eiffel-campos-de-marte.gif\" target=\"_Blank\" rel=\"noopener\"><img title=\"Ilustraci\u00f3n gratis - La torre Eiffel de Par\u00eds\" src=\"https:\/\/pinturayartistas.com\/ilustracionesgratis\/wp-content\/uploads\/2014\/06\/torre-eiffel\/dibujo_torre-eiffel-campos-de-marte2.gif\" alt=\"Ilustraci\u00f3n gratis - La torre Eiffel de Par\u00eds\"><\/a><\/p>\n<\/div>\n<div class=\"descargar\">\n<h3><a download=\"  \" class=\"imagen\" title=\"Descargar la imagen GIF de La torre Eiffel de Par\u00eds\" href=\"https:\/\/pinturayartistas.com\/ilustracionesgratis\/wp-content\/uploads\/2014\/06\/torre-eiffel\/dibujo_torre-eiffel-campos-de-marte.gif\" target=\"_Blank\" rel=\"noopener\">Descargar imagen GIF<\/a><\/h3>\n<\/div>\n<div class=\"foto\">\n<h4>La torre Eiffel de Par\u00eds<\/h4>\n<p><a title=\"Ilustraci\u00f3n gratis - La torre Eiffel de Par\u00eds\" href=\"https:\/\/pinturayartistas.com\/ilustracionesgratis\/wp-content\/uploads\/2014\/06\/torre-eiffel\/dibujo_torre-eiffel-campos-de-marte-azul.gif\" target=\"_Blank\" rel=\"noopener\"><img title=\"Ilustraci\u00f3n gratis - La torre Eiffel de Par\u00eds\" src=\"https:\/\/pinturayartistas.com\/ilustracionesgratis\/wp-content\/uploads\/2014\/06\/torre-eiffel\/dibujo_torre-eiffel-campos-de-marte-azul2.gif\" alt=\"Ilustraci\u00f3n gratis - La torre Eiffel de Par\u00eds\"><\/a><\/p>\n<\/div>\n<div class=\"descargar\">\n<h3><a download=\"  \" class=\"imagen\" title=\"Descargar la imagen GIF de La torre Eiffel de Par\u00eds\" href=\"https:\/\/pinturayartistas.com\/ilustracionesgratis\/wp-content\/uploads\/2014\/06\/torre-eiffel\/dibujo_torre-eiffel-campos-de-marte-azul.gif\" target=\"_Blank\" rel=\"noopener\">Descargar imagen GIF<\/a><\/h3>\n<\/div>\n<div class=\"foto\">\n<h4>La torre Eiffel de Par\u00eds &#8211; fotograf\u00eda original<\/h4>\n<p><a title=\"Ilustraci\u00f3n gratis - La torre Eiffel de Par\u00eds\" href=\"https:\/\/pinturayartistas.com\/ilustracionesgratis\/wp-content\/uploads\/2014\/06\/torre-eiffel\/Panorama_torre-eiffel2.jpg\" target=\"_Blank\" rel=\"noopener\"><img title=\"Ilustraci\u00f3n gratis - La torre Eiffel de Par\u00eds\" src=\"https:\/\/pinturayartistas.com\/ilustracionesgratis\/wp-content\/uploads\/2014\/06\/torre-eiffel\/Panorama_torre-eiffel2-2.jpg\" alt=\"Ilustraci\u00f3n gratis - La torre Eiffel de Par\u00eds\"><\/a><\/p>\n<\/div>\n<div class=\"descargar\">\n<h3><a download=\"  \" class=\"imagen\" title=\"Descargar la imagen JPG de La torre Eiffel de Par\u00eds\" href=\"https:\/\/pinturayartistas.com\/ilustracionesgratis\/wp-content\/uploads\/2014\/06\/torre-eiffel\/Panorama_torre-eiffel2.jpg\" target=\"_Blank\" rel=\"noopener\">Descargar imagen JPG<\/a><\/h3>\n<\/div>\n<div class=\"foto\">\n<h4>La torre Eiffel de Par\u00eds<\/h4>\n<p><a title=\"Ilustraci\u00f3n gratis - La torre Eiffel de Par\u00eds\" href=\"https:\/\/pinturayartistas.com\/ilustracionesgratis\/wp-content\/uploads\/2014\/06\/torre-eiffel\/dibujo_torre-eiffel.gif\" target=\"_Blank\" rel=\"noopener\"><img title=\"Ilustraci\u00f3n gratis - La torre Eiffel de Par\u00eds\" src=\"https:\/\/pinturayartistas.com\/ilustracionesgratis\/wp-content\/uploads\/2014\/06\/torre-eiffel\/dibujo_torre-eiffel22.gif\" alt=\"Ilustraci\u00f3n gratis - La torre Eiffel de Par\u00eds\"><\/a><\/p>\n<\/div>\n<div class=\"descargar\">\n<h3><a download=\"  \" class=\"imagen\" title=\"Descargar la imagen GIF de La torre Eiffel de Par\u00eds\" href=\"https:\/\/pinturayartistas.com\/ilustracionesgratis\/wp-content\/uploads\/2014\/06\/torre-eiffel\/dibujo_torre-eiffel.gif\" target=\"_Blank\" rel=\"noopener\">Descargar imagen GIF<\/a><\/h3>\n<\/div>\n<div class=\"foto\">\n<h4>La torre Eiffel de Par\u00eds<\/h4>\n<p><a title=\"Ilustraci\u00f3n gratis - La torre Eiffel de Par\u00eds\" href=\"https:\/\/pinturayartistas.com\/ilustracionesgratis\/wp-content\/uploads\/2014\/06\/torre-eiffel\/dibujo_torre-eiffel2.gif\" target=\"_Blank\" rel=\"noopener\"><img title=\"Ilustraci\u00f3n gratis - La torre Eiffel de Par\u00eds\" src=\"https:\/\/pinturayartistas.com\/ilustracionesgratis\/wp-content\/uploads\/2014\/06\/torre-eiffel\/dibujo_torre-eiffel2-azul2.gif\" alt=\"Ilustraci\u00f3n gratis - La torre Eiffel de Par\u00eds\"><\/a><\/p>\n<\/div>\n<div class=\"descargar\">\n<h3><a download=\"  \" class=\"imagen\" title=\"Descargar la imagen GIF de La torre Eiffel de Par\u00eds\" href=\"https:\/\/pinturayartistas.com\/ilustracionesgratis\/wp-content\/uploads\/2014\/06\/torre-eiffel\/dibujo_torre-eiffel2.gif\" target=\"_Blank\" rel=\"noopener\">Descargar imagen GIF<\/a><\/h3>\n<\/div>\n<div class=\"foto\">\n<h4>La torre Eiffel de Par\u00eds &#8211; fotograf\u00eda original<\/h4>\n<p><a title=\"Ilustraci\u00f3n gratis - La torre Eiffel de Par\u00eds\" href=\"https:\/\/pinturayartistas.com\/ilustracionesgratis\/wp-content\/uploads\/2014\/06\/torre-eiffel\/Panorama_torre-eiffel.jpg\" target=\"_Blank\" rel=\"noopener\"><img title=\"Ilustraci\u00f3n gratis - La torre Eiffel de Par\u00eds\" src=\"https:\/\/pinturayartistas.com\/ilustracionesgratis\/wp-content\/uploads\/2014\/06\/torre-eiffel\/Panorama_torre-eiffel-2.jpg\" alt=\"Ilustraci\u00f3n gratis - La torre Eiffel de Par\u00eds\"><\/a><\/p>\n<\/div>\n<div class=\"descargar\">\n<h3><a download=\"  \" class=\"imagen\" title=\"Descargar la imagen JPG de La torre Eiffel de Par\u00eds\" href=\"https:\/\/pinturayartistas.com\/ilustracionesgratis\/wp-content\/uploads\/2014\/06\/torre-eiffel\/Panorama_torre-eiffel.jpg\" target=\"_Blank\" rel=\"noopener\">Descargar imagen JPG<\/a><\/h3>\n<\/div>\n<div class=\"english\"><strong>English info &#8211; Free illustrations<\/strong><p><\/p>\n<h4>The Eiffel Tower in Paris<\/h4>\n<p>Dessins et oeuvres d&#8217;art num\u00e9rique avec la Tour Eiffel dans un tir angle de vue. Les structures en m\u00e9tal dur se distinguent par leur ligne compl\u00e8te maison de conception industrielle. Les photographies originales \u00e9galement gratuit. T\u00e9l\u00e9charger le fichier image au format GIF.<\/p>\n<\/div>\n<div class=\"french\"><strong>Fran\u00e7ais info &#8211; Artwork gratuit<\/strong><p><\/p>\n<h4>La Tour Eiffel de Paris<\/h4>\n<p>Drawings and digital artwork with the Eiffel Tower in a view angle shot. The hard metal structures stand out with their full line Industrial design house. Original photographs also free. Download the image file in GIF format.<\/p>\n<\/div>","protected":false},"excerpt":{"rendered":"<p>Ilustraciones gratis con la torre Eiffel de Par\u00eds Dibujos e ilustraciones digitales con la torre Eiffel en una vista muy contrapicado. Las duras estructuras met\u00e1licas destacan con su dese\u00f1o industrial lleno de l\u00edneas. Fotograf\u00edas originales tambi\u00e9n libres. Descarga el archivo de imagen en formato GIF. La torre Eiffel de Par\u00eds Descargar imagen GIF La torre [&hellip;]<\/p>\n","protected":false},"author":575,"featured_media":2232,"comment_status":"open","ping_status":"open","sticky":false,"template":"","format":"standard","meta":[],"categories":[271,1292,2175],"tags":[595,2034,2033,1302,2032,1304,2036,2035],"yoast_head":"<!-- This site is optimized with the Yoast SEO plugin v16.0 - https:\/\/yoast.com\/wordpress\/plugins\/seo\/ -->\n<title>La Torre Eiffel - dibujo vectorial - Cristina<\/title>\n<meta name=\"description\" content=\"Ilustraciones gratis con la torre Eiffel de Par\u00eds. Ilustraciones libres de derechos de autor. Creaciones de Cristina Alejos\" \/>\n<link rel=\"canonical\" href=\"https:\/\/pinturayartistas.com\/ilustracionesgratis\/ilustraciones-libres-con-la-torre-eiffel\/\" \/>\n<meta property=\"og:locale\" content=\"en_US\" \/>\n<meta property=\"og:type\" content=\"article\" \/>\n<meta property=\"og:title\" content=\"La Torre Eiffel - dibujo vectorial - Cristina\" \/>\n<meta property=\"og:description\" content=\"Ilustraciones gratis con la torre Eiffel de Par\u00eds. Ilustraciones libres de derechos de autor. Creaciones de Cristina Alejos\" \/>\n<meta property=\"og:url\" content=\"https:\/\/pinturayartistas.com\/ilustracionesgratis\/ilustraciones-libres-con-la-torre-eiffel\/\" \/>\n<meta property=\"og:site_name\" content=\"Cristina\" \/>\n<meta property=\"article:published_time\" content=\"2014-06-21T19:00:18+00:00\" \/>\n<meta property=\"article:modified_time\" content=\"2021-04-06T10:07:44+00:00\" \/>\n<meta property=\"og:image\" content=\"https:\/\/pinturayartistas.com\/ilustracionesgratis\/wp-content\/uploads\/2014\/06\/Torre-Eiffel-al-lado-del-rio-Sena.gif\" \/>\n\t<meta property=\"og:image:width\" content=\"200\" \/>\n\t<meta property=\"og:image:height\" content=\"200\" \/>\n<meta name=\"twitter:card\" content=\"summary_large_image\" \/>\n<meta name=\"twitter:label1\" content=\"Est. reading time\">\n\t<meta name=\"twitter:data1\" content=\"3 minutes\">\n<script type=\"application\/ld+json\" class=\"yoast-schema-graph\">{\"@context\":\"https:\/\/schema.org\",\"@graph\":[{\"@type\":\"WebSite\",\"@id\":\"https:\/\/pinturayartistas.com\/ilustracionesgratis\/#website\",\"url\":\"https:\/\/pinturayartistas.com\/ilustracionesgratis\/\",\"name\":\"Cristina\",\"description\":\"Illustrations\",\"potentialAction\":[{\"@type\":\"SearchAction\",\"target\":\"https:\/\/pinturayartistas.com\/ilustracionesgratis\/?s={search_term_string}\",\"query-input\":\"required name=search_term_string\"}],\"inLanguage\":\"en-US\"},{\"@type\":\"ImageObject\",\"@id\":\"https:\/\/pinturayartistas.com\/ilustracionesgratis\/ilustraciones-libres-con-la-torre-eiffel\/#primaryimage\",\"inLanguage\":\"en-US\",\"url\":\"https:\/\/pinturayartistas.com\/ilustracionesgratis\/wp-content\/uploads\/2014\/06\/Torre-Eiffel-al-lado-del-rio-Sena.gif\",\"width\":200,\"height\":200},{\"@type\":\"WebPage\",\"@id\":\"https:\/\/pinturayartistas.com\/ilustracionesgratis\/ilustraciones-libres-con-la-torre-eiffel\/#webpage\",\"url\":\"https:\/\/pinturayartistas.com\/ilustracionesgratis\/ilustraciones-libres-con-la-torre-eiffel\/\",\"name\":\"La Torre Eiffel - dibujo vectorial - Cristina\",\"isPartOf\":{\"@id\":\"https:\/\/pinturayartistas.com\/ilustracionesgratis\/#website\"},\"primaryImageOfPage\":{\"@id\":\"https:\/\/pinturayartistas.com\/ilustracionesgratis\/ilustraciones-libres-con-la-torre-eiffel\/#primaryimage\"},\"datePublished\":\"2014-06-21T19:00:18+00:00\",\"dateModified\":\"2021-04-06T10:07:44+00:00\",\"author\":{\"@id\":\"https:\/\/pinturayartistas.com\/ilustracionesgratis\/#\/schema\/person\/17d2e38c6141466cf2ee02de938fdc59\"},\"description\":\"Ilustraciones gratis con la torre Eiffel de Par\\u00eds. Ilustraciones libres de derechos de autor. Creaciones de Cristina Alejos\",\"breadcrumb\":{\"@id\":\"https:\/\/pinturayartistas.com\/ilustracionesgratis\/ilustraciones-libres-con-la-torre-eiffel\/#breadcrumb\"},\"inLanguage\":\"en-US\",\"potentialAction\":[{\"@type\":\"ReadAction\",\"target\":[\"https:\/\/pinturayartistas.com\/ilustracionesgratis\/ilustraciones-libres-con-la-torre-eiffel\/\"]}]},{\"@type\":\"BreadcrumbList\",\"@id\":\"https:\/\/pinturayartistas.com\/ilustracionesgratis\/ilustraciones-libres-con-la-torre-eiffel\/#breadcrumb\",\"itemListElement\":[{\"@type\":\"ListItem\",\"position\":1,\"item\":{\"@type\":\"WebPage\",\"@id\":\"https:\/\/pinturayartistas.com\/ilustracionesgratis\/\",\"url\":\"https:\/\/pinturayartistas.com\/ilustracionesgratis\/\",\"name\":\"Home\"}},{\"@type\":\"ListItem\",\"position\":2,\"item\":{\"@type\":\"WebPage\",\"@id\":\"https:\/\/pinturayartistas.com\/ilustracionesgratis\/ilustraciones-libres-con-la-torre-eiffel\/\",\"url\":\"https:\/\/pinturayartistas.com\/ilustracionesgratis\/ilustraciones-libres-con-la-torre-eiffel\/\",\"name\":\"La Torre Eiffel &#8211; dibujo vectorial\"}}]},{\"@type\":\"Person\",\"@id\":\"https:\/\/pinturayartistas.com\/ilustracionesgratis\/#\/schema\/person\/17d2e38c6141466cf2ee02de938fdc59\",\"name\":\"Cristina Alejos\"}]}<\/script>\n<!-- \/ Yoast SEO plugin. -->","_links":{"self":[{"href":"https:\/\/pinturayartistas.com\/ilustracionesgratis\/wp-json\/wp\/v2\/posts\/1831"}],"collection":[{"href":"https:\/\/pinturayartistas.com\/ilustracionesgratis\/wp-json\/wp\/v2\/posts"}],"about":[{"href":"https:\/\/pinturayartistas.com\/ilustracionesgratis\/wp-json\/wp\/v2\/types\/post"}],"author":[{"embeddable":true,"href":"https:\/\/pinturayartistas.com\/ilustracionesgratis\/wp-json\/wp\/v2\/users\/575"}],"replies":[{"embeddable":true,"href":"https:\/\/pinturayartistas.com\/ilustracionesgratis\/wp-json\/wp\/v2\/comments?post=1831"}],"version-history":[{"count":8,"href":"https:\/\/pinturayartistas.com\/ilustracionesgratis\/wp-json\/wp\/v2\/posts\/1831\/revisions"}],"predecessor-version":[{"id":2233,"href":"https:\/\/pinturayartistas.com\/ilustracionesgratis\/wp-json\/wp\/v2\/posts\/1831\/revisions\/2233"}],"wp:featuredmedia":[{"embeddable":true,"href":"https:\/\/pinturayartistas.com\/ilustracionesgratis\/wp-json\/wp\/v2\/media\/2232"}],"wp:attachment":[{"href":"https:\/\/pinturayartistas.com\/ilustracionesgratis\/wp-json\/wp\/v2\/media?parent=1831"}],"wp:term":[{"taxonomy":"category","embeddable":true,"href":"https:\/\/pinturayartistas.com\/ilustracionesgratis\/wp-json\/wp\/v2\/categories?post=1831"},{"taxonomy":"post_tag","embeddable":true,"href":"https:\/\/pinturayartistas.com\/ilustracionesgratis\/wp-json\/wp\/v2\/tags?post=1831"}],"curies":[{"name":"wp","href":"https:\/\/api.w.org\/{rel}","templated":true}]}}